[{"@context":"https:\/\/schema.org\/","@type":"Article","@id":"https:\/\/www.satose.cz\/moderni-doba-a-psychika-cloveka\/#Article","mainEntityOfPage":"https:\/\/www.satose.cz\/moderni-doba-a-psychika-cloveka\/","headline":"Modern\u00ed doba a psychika \u010dlov\u011bka","name":"Modern\u00ed doba a psychika \u010dlov\u011bka","description":"Dalo by se \u0159\u00edci, \u017ee sou\u010dasn\u00e1, modern\u00ed doba je mnohem n\u00e1ro\u010dn\u011bj\u0161\u00ed, ne\u017e doby, kter\u00e9 zde byly ji\u017e d\u0159\u00edve, a dle m\u00e9ho osobn\u00edho n\u00e1zoru je tomu tak zejm\u00e9na z toho d\u016fvodu, \u017ee jsme u\u010deni \u017eivotu ve sp\u011bchu, p\u0159i\u010dem\u017e je na n\u00e1s kladen tak\u00e9 n\u00e1rok vysok\u00e9 odbornosti, profesionality a kvality. N\u011b\u010deho takov\u00e9ho nen\u00ed v\u016fbec snadn\u00e9 doc\u00edlit, a...","datePublished":"2020-07-12","dateModified":"2023-05-15","author":{"@type":"Person","@id":"https:\/\/www.satose.cz\/author\/#Person","name":"","url":"https:\/\/www.satose.cz\/author\/","identifier":1,"image":{"@type":"ImageObject","@id":"https:\/\/secure.gravatar.com\/avatar\/4c8347e48acde4b8838164e4b1c9b1c2409c44aff1922a8b9d7dd631b9ae52bb?s=96&d=mm&r=g","url":"https:\/\/secure.gravatar.com\/avatar\/4c8347e48acde4b8838164e4b1c9b1c2409c44aff1922a8b9d7dd631b9ae52bb?s=96&d=mm&r=g","height":96,"width":96}},"publisher":{"@type":"Organization","name":"satose.cz","logo":{"@type":"ImageObject","@id":"\/logo.png","url":"\/logo.png","width":600,"height":60}},"image":{"@type":"ImageObject","@id":"https:\/\/www.satose.cz\/wp-content\/uploads\/psychoterapie.jpeg","url":"https:\/\/www.satose.cz\/wp-content\/uploads\/psychoterapie.jpeg","height":0,"width":0},"url":"https:\/\/www.satose.cz\/moderni-doba-a-psychika-cloveka\/","about":["Podnik\u00e1n\u00ed"],"wordCount":506,"articleBody":"Dalo by se \u0159\u00edci, \u017ee sou\u010dasn\u00e1, modern\u00ed doba je mnohem n\u00e1ro\u010dn\u011bj\u0161\u00ed, ne\u017e doby, kter\u00e9 zde byly ji\u017e d\u0159\u00edve, a dle m\u00e9ho osobn\u00edho n\u00e1zoru je tomu tak zejm\u00e9na z toho d\u016fvodu, \u017ee jsme u\u010deni \u017eivotu ve sp\u011bchu, p\u0159i\u010dem\u017e je na n\u00e1s kladen tak\u00e9 n\u00e1rok vysok\u00e9 odbornosti, profesionality a kvality. N\u011b\u010deho takov\u00e9ho nen\u00ed v\u016fbec snadn\u00e9 doc\u00edlit, a zejm\u00e9na z tohoto d\u016fvodu pak tedy doch\u00e1z\u00ed k r\u016fznorod\u00fdm osobn\u00edm probl\u00e9mu, kter\u00e9 se pak ur\u010dit\u00fdmi zp\u016fsoby odr\u00e1\u017eej\u00ed i v r\u00e1mci na\u0161ich osobn\u00edch \u010di pracovn\u00edch \u017eivot\u016f. A jeliko\u017e nen\u00ed v \u017e\u00e1dn\u00e9m p\u0159\u00edpad\u011b vhodn\u00e9, aby byly tyto situace, \u010di sp\u00ed\u0161e stavy podce\u0148ov\u00e1ny, je tedy jist\u011b velmi vhodn\u00e9 obr\u00e1tit se na n\u011bjak\u00e9ho odborn\u00edka, kter\u00fd dan\u00e9ho jedince dovede k \u00fasp\u011b\u0161n\u00e9mu navr\u00e1cen\u00ed do reality.Pokud v\u00e1m tak tedy p\u0159ipad\u00e1, \u017ee je toho na v\u00e1s prost\u011b moc, \u017ee ur\u010dit\u00e9 v\u011bci nen\u00ed mo\u017en\u00e9 zvl\u00e1dnout tak, jak by si to ostatn\u00ed p\u0159\u00e1li, tak ji\u017e v\u00edce nev\u00e1hejte, a vyzkou\u0161ejte n\u011bco, \u010demu se \u0159\u00edk\u00e1 psychoterapie Praha. V\u011b\u0159te, \u017ee pr\u00e1v\u011b zde jist\u011b potk\u00e1te toho prav\u00e9ho odborn\u00edka, a to zejm\u00e9na z toho d\u016fvodu, \u017ee pr\u00e1v\u011b tato spole\u010dnost se opravdu zam\u011b\u0159uje na to, aby byl pro lidi \u017eivot v r\u00e1mci modern\u00ed doby jednodu\u0161\u0161\u00ed, ne\u017e jak tomu mnohdy opravdu je. Ve chv\u00edli, kdy si v\u0161ak nejste jisti t\u00edm, zda-li m\u016f\u017eete i vy nav\u0161t\u00edvit n\u011bkoho takov\u00e9ho, se klidn\u011b jen p\u0159ij\u010fte poradit, jeliko\u017e pr\u00e1v\u011b to prav\u00e9 nasm\u011brov\u00e1n\u00ed je n\u011b\u010d\u00edm, co mnoho z n\u00e1s pot\u0159ebuje, ale jen m\u00e1lokdo si o to um\u00ed opravdu \u0159\u00edct.Je tak tedy vid\u011bt, \u017ee i p\u0159esto, \u017ee \u017eijeme nejsp\u00ed\u0161e l\u00e9pe, ne\u017e ur\u010dit\u00e9 generace p\u0159ed n\u00e1mi, je sou\u010dasn\u00e1 doba spojena s probl\u00e9my, kter\u00e9 zde kdysi d\u00e1vno nebyli, a to zejm\u00e9na z toho d\u016fvodu, \u017ee ka\u017ed\u00fd, kdo je nad n\u00e1mi zkou\u0161\u00ed, kolik toho vydr\u017e\u00edme, co\u017e v\u0161ak nen\u00ed po dlouhou dobu \u00fanosn\u00e9. Poj\u010fme si tak tedy spole\u010dn\u011b sl\u00edbit, \u017ee se budeme alespo\u0148 sna\u017eit trochu si ten \u017eivot zjednodu\u0161it, a to zejm\u00e9na z toho d\u016fvodu, \u017ee nikdo z n\u00e1s si nem\u016f\u017ee b\u00fdt jist t\u00edm, kdy jeho \u017eivot vyhasne, co\u017e ve fin\u00e1le vede k tomu, \u017ee je opravdu pot\u0159ebn\u00e9, aby si ka\u017ed\u00fd z n\u00e1s ten sv\u016fj vychutnal na maximum. A pokud nebude mo\u017en\u00e9 zvolnit, slibme si, \u017ee se nebudeme styd\u011bt obr\u00e1tit se na n\u011bjak\u00e9ho toho odborn\u00edka, a to zejm\u00e9na z toho d\u016fvodu, \u017ee jen tento krok je tou jedinou cestou, jak n\u00e1m m\u016f\u017ee n\u011bkdo pomoci.                                                                                                                                                                                                                                                                                                                                                                                         5\/5 - (1 vote)        "},{"@context":"https:\/\/schema.org\/","@type":"BreadcrumbList","itemListElement":[{"@type":"ListItem","position":1,"name":"Modern\u00ed doba a psychika \u010dlov\u011bka","item":"https:\/\/www.satose.cz\/moderni-doba-a-psychika-cloveka\/#breadcrumbitem"}]}]