[{"@context":"https:\/\/schema.org\/","@type":"Article","@id":"https:\/\/www.satose.cz\/kde-slozit-hlavu-v-cervene-vode\/#Article","mainEntityOfPage":"https:\/\/www.satose.cz\/kde-slozit-hlavu-v-cervene-vode\/","headline":"Kde slo\u017eit hlavu v \u010cerven\u00e9 vod\u011b?","name":"Kde slo\u017eit hlavu v \u010cerven\u00e9 vod\u011b?","description":"Nen\u00ed to tak d\u00e1vno, kdy postavili lanovku vedouc\u00ed prakticky z \u010cerven\u00e9 Vody na Bukovou horu. Z druh\u00e9 strany h\u0159ebene, z \u010cenkovic, ji\u017e lanovka n\u011bjakou dobu vedla. Do\u0161lo tak k unik\u00e1tn\u00edmu propojen\u00ed dvou oblast\u00ed, kter\u00e9 nem\u00e1 v \u010cesk\u00e9 republice mnoho n\u00e1sledovn\u00edk\u016f. K lanovk\u00e1m samoz\u0159ejm\u011b p\u0159ibyly vleky a sjezdovky v m\u00ed\u0159e takov\u00e9, \u017ee se z nen\u00e1padn\u00e9 lokality...","datePublished":"2022-04-27","dateModified":"2023-05-15","author":{"@type":"Person","@id":"https:\/\/www.satose.cz\/author\/#Person","name":"","url":"https:\/\/www.satose.cz\/author\/","identifier":1,"image":{"@type":"ImageObject","@id":"https:\/\/secure.gravatar.com\/avatar\/4c8347e48acde4b8838164e4b1c9b1c2409c44aff1922a8b9d7dd631b9ae52bb?s=96&d=mm&r=g","url":"https:\/\/secure.gravatar.com\/avatar\/4c8347e48acde4b8838164e4b1c9b1c2409c44aff1922a8b9d7dd631b9ae52bb?s=96&d=mm&r=g","height":96,"width":96}},"publisher":{"@type":"Organization","name":"satose.cz","logo":{"@type":"ImageObject","@id":"\/logo.png","url":"\/logo.png","width":600,"height":60}},"image":{"@type":"ImageObject","@id":"https:\/\/www.satose.cz\/wp-content\/uploads\/zima_skibukovka_0252-1024x682_2.jpg","url":"https:\/\/www.satose.cz\/wp-content\/uploads\/zima_skibukovka_0252-1024x682_2.jpg","height":0,"width":0},"url":"https:\/\/www.satose.cz\/kde-slozit-hlavu-v-cervene-vode\/","about":["Podnik\u00e1n\u00ed"],"wordCount":411,"articleBody":"Nen\u00ed to tak d\u00e1vno, kdy postavili lanovku vedouc\u00ed prakticky z \u010cerven\u00e9 Vody na Bukovou horu. Z druh\u00e9 strany h\u0159ebene, z \u010cenkovic, ji\u017e lanovka n\u011bjakou dobu vedla. Do\u0161lo tak k unik\u00e1tn\u00edmu propojen\u00ed dvou oblast\u00ed, kter\u00e9 nem\u00e1 v \u010cesk\u00e9 republice mnoho n\u00e1sledovn\u00edk\u016f.K lanovk\u00e1m samoz\u0159ejm\u011b p\u0159ibyly vleky a sjezdovky v m\u00ed\u0159e takov\u00e9, \u017ee se z nen\u00e1padn\u00e9 lokality stalo st\u0159edisko alpsk\u00e9ho typu, kter\u00e9 u n\u00e1s nem\u00e1 konkurenci. Kdy\u017e p\u0159ipo\u010d\u00edt\u00e1te k mo\u017enostem zimn\u00edch sport\u016f, a\u0165 ji\u017e sjezdov\u00e9mu ly\u017eov\u00e1n\u00ed \u010di p\u0159\u00edle\u017eitost\u00ed pro b\u011b\u017eka\u0159e, mo\u017enosti i po dobu, kdy zmiz\u00ed sn\u011bhov\u00e1 pokr\u00fdvka, uv\u011bdom\u00edte si, \u017ee Oblast Bukov\u00e9 hory bude z\u0159ejm\u011b velice popul\u00e1rn\u00edm m\u00edstem, pro rekreaci.M\u00e1te ve sv\u00e9 \u00favaze pravdu. Ale v\u00fd\u010det mo\u017enost\u00ed, kter\u00fd je dosud v \u010dl\u00e1nku uveden\u00fd, nen\u00ed zdaleka \u00fapln\u00fd. \u010cerven\u00e1 Voda le\u017e\u00ed toti\u017e v bl\u00edzkosti dal\u0161\u00edch atraktivn\u00edch m\u00edst, vzd\u00e1len\u00fdch co by kamenem dohodil.Pro sportovce a turisty se nab\u00edz\u00ed nav\u0161t\u00edvit nedalek\u00e9 st\u0159edisko Doln\u00ed Morava, ve kter\u00e9m za nedlouho budou otev\u00edrat unik\u00e1tn\u00ed atrakci. Nejdel\u0161\u00ed lanov\u00fd most v Evrop\u011b. Pokud v\u00e1s nel\u00e1k\u00e1 ch\u016fze po houpaj\u00edc\u00edm se subtiln\u00edm mostu na vzd\u00e1lenost p\u016fldruh\u00e9ho kilometru, m\u016f\u017eete vystoupit na Kralick\u00fd sn\u011b\u017en\u00edk. V Doln\u00ed Morav\u011b je ale i spousta dal\u0161\u00edch atrakc\u00ed, tak byte jeho n\u00e1v\u0161t\u011bvu rozhodn\u011b nem\u011bli odkl\u00e1dat.Dal\u0161\u00edmi c\u00edli jsou term\u00e1ln\u00ed l\u00e1zn\u011b ve Velk\u00fdch Losin\u00e1ch. Jestli v\u00e1m n\u00e1zev tohoto m\u011bste\u010dka n\u011bco p\u0159ipom\u00edn\u00e1, mo\u017en\u00e1 jste u\u017e n\u011bco sly\u0161eli o \u010darod\u011bjnick\u00fdch procesech. Pr\u00e1v\u011b na zdej\u0161\u00edm z\u00e1mku, byli vysl\u00fdch\u00e1ni a mu\u010deni ti, kte\u0159\u00ed byli z \u010darod\u011bjnictv\u00ed na\u0159\u010deni. Mu\u010den\u00ed v\u017edy p\u0159ineslo dozn\u00e1n\u00ed. Kdo by se ostatn\u011b nep\u0159iznal k \u010demukoliv, kdy\u017e mu byly opakovan\u011b vyklouben\u00e9 pa\u017ee i nohy, kdy\u017e p\u00e1te\u0159 praskala na sk\u0159ipci, nebo byli opalov\u00e1ni pochodn\u011bmi. Krom\u011b z\u00e1mku je zde rovn\u011b\u017e unik\u00e1tn\u00ed pap\u00edrna, kde se dodnes vyr\u00e1b\u00ed ru\u010dn\u00ed pap\u00edr.Zaj\u00edmav\u00fdch m\u00edst je tady i v okol\u00ed hodn\u011b. K jejich n\u00e1v\u0161t\u011bv\u011b budete pot\u0159ebovat naj\u00edt ubytov\u00e1n\u00ed v \u010cerven\u00e9 Vod\u011b a okol\u00ed.                                                                                                                                                                                                                                                                                                                                                                                         2.3\/5 - (3 votes)        "},{"@context":"https:\/\/schema.org\/","@type":"BreadcrumbList","itemListElement":[{"@type":"ListItem","position":1,"name":"Kde slo\u017eit hlavu v \u010cerven\u00e9 vod\u011b?","item":"https:\/\/www.satose.cz\/kde-slozit-hlavu-v-cervene-vode\/#breadcrumbitem"}]}]